{"id":3481,"__str__":"Parecer - Comiss\u00e3o de Justi\u00e7a e Reda\u00e7\u00e3o de 20/03/2025 por ","link_detail_backend":"/materia/documentoacessorio/3481","metadata":{},"nome":"Comiss\u00e3o de Justi\u00e7a e Reda\u00e7\u00e3o","data":"2025-03-20","autor":"","ementa":"","indexacao":"","arquivo":"http://sapl.primaveradoleste.mt.leg.br/media/sapl/public/documentoacessorio/2025/3481/20_-_parecer_cjr_-_pl_1664_de_2025.pdf","data_ultima_atualizacao":"2025-03-20T09:03:18.515335-04:00","materia":4503,"tipo":7}