{"id":3467,"__str__":"Parecer - Comiss\u00e3o de Educa\u00e7\u00e3o, Cultura, Sa\u00fade e Assist\u00eancia de 07/03/2025 por ","link_detail_backend":"/materia/documentoacessorio/3467","metadata":{},"nome":"Comiss\u00e3o de Educa\u00e7\u00e3o, Cultura, Sa\u00fade e Assist\u00eancia","data":"2025-03-07","autor":"","ementa":"","indexacao":"","arquivo":"http://sapl.primaveradoleste.mt.leg.br/media/sapl/public/documentoacessorio/2025/3467/1_-_parecer_cecsas_-_pl_1652_de_2025.pdf","data_ultima_atualizacao":"2025-03-07T10:16:11.478036-04:00","materia":4384,"tipo":7}