{"id":3350,"__str__":"Outro - Balan\u00e7o Patrimonial de 05/12/2024 por Associa\u00e7\u00e3o Eunice Polla no Combate ao C\u00e2ncer","link_detail_backend":"/materia/documentoacessorio/3350","metadata":{},"nome":"Balan\u00e7o Patrimonial","data":"2024-12-05","autor":"Associa\u00e7\u00e3o Eunice Polla no Combate ao C\u00e2ncer","ementa":"Balan\u00e7o Patrimonial 2023 - Projeto de Lei n\u00ba 1638/2024","indexacao":"","arquivo":"http://sapl.primaveradoleste.mt.leg.br/media/sapl/public/documentoacessorio/2024/3350/balanco_patrimonial_e_termo_de_juntada.pdf","data_ultima_atualizacao":"2024-12-05T11:33:03.601779-04:00","materia":4302,"tipo":12}