{"id":3097,"__str__":"Parecer - PARECER de 22/03/2024 por ","link_detail_backend":"/materia/documentoacessorio/3097","metadata":{"signs":{"arquivo":{"admin":[],"autores":[["Isaac Silva Nery de Oliveira",["2024-03-22T09:59:18-03:00","Gov-Br"]]]}}},"nome":"PARECER","data":"2024-03-22","autor":"","ementa":"Projeto de Lei n\u00ba 1.560/2024 que Institui a Semana Inclusiva para celebrar e valorizar as m\u00e3es, pais e cuidadores de pessoas com defici\u00eancia no \u00e2mbito do munic\u00edpio de Primavera do Leste-MT","indexacao":"","arquivo":"http://sapl.primaveradoleste.mt.leg.br/media/sapl/public/documentoacessorio/2024/3097/parecer_054_-_pl_1560_2024_-_institui_a_semana_da_dedicacao_inclusiva_para_celebrar_e_valorizar_as_maes2c_pais_e_cuidadores_de_pessoas_com_deficiencia_no_ambito_do.pdf","data_ultima_atualizacao":"2024-03-22T10:22:24.280189-04:00","materia":4079,"tipo":7}