{"id":3005,"__str__":"Parecer - PARECER de 15/12/2023 por ","link_detail_backend":"/materia/documentoacessorio/3005","metadata":{"signs":{"arquivo":{"admin":[],"autores":[["Alessandro Santos Carneiro",["2023-12-15T08:29:29-03:00","Gov-Br"]],["Isaac Silva Nery de Oliveira",["2023-12-15T08:31:48-03:00","Gov-Br"]]]}}},"nome":"PARECER","data":"2023-12-15","autor":"","ementa":"ALTERA A DENOMINA\u00c7\u00c3O DA UNIDADE ESCOLAR DE EDUCA\u00c7\u00c3O E D\u00c1 OUTRAS PROVID\u00caNCIAS.","indexacao":"","arquivo":"http://sapl.primaveradoleste.mt.leg.br/media/sapl/public/documentoacessorio/2023/3005/parecer_87_-_projeto_de_lei_nc2ba_1.524_altera_a_denominacao_da_unidade_escolar_de_educacao_e_da_outras_providencias_assinado_28129_assinado.pdf","data_ultima_atualizacao":"2023-12-15T08:12:51.939315-04:00","materia":3939,"tipo":7}