{"id":2932,"__str__":"Parecer - PARECER_62_-_Projeto_de_Lei_1.514_2023%2Cque_dispo de 09/11/2023 por Procuradoria Jur\u00eddica","link_detail_backend":"/materia/documentoacessorio/2932","metadata":{"signs":{"arquivo":{"admin":[],"autores":[["Alessandro Santos Carneiro",["2023-11-09T10:42:54-03:00","Gov-Br"]],["Julio Cesar de Oliveira",["2023-11-09T11:11:17-03:00","Gov-Br"]]]}}},"nome":"PARECER_62_-_Projeto_de_Lei_1.514_2023%2Cque_dispo","data":"2023-11-09","autor":"Procuradoria Jur\u00eddica","ementa":"Projeto de Lei n\u00ba 1.514/2023 \u00e0 C\u00e2mara Municipal, o qual disp\u00f5e sobre a Lei Or\u00e7ament\u00e1ria Anual \u2013 LOA do Munic\u00edpio de\r\nPrimavera do Leste-MT","indexacao":"","arquivo":"http://sapl.primaveradoleste.mt.leg.br/media/sapl/public/documentoacessorio/2023/2932/parecer_62_-_projeto_de_lei_1.514_20232cque_dispoe_sobre_a_lei_orcamentaria_anual_-_loa_2024_assinado_assinado.pdf","data_ultima_atualizacao":"2023-11-09T10:22:12.189064-04:00","materia":3893,"tipo":7}