{"id":2713,"__str__":"Emenda Modificativa - Emenda Modificativa 001 de 2023 ao PL 1463 de 2023 de 23/06/2023 por Adriano de Carvalho","link_detail_backend":"/materia/documentoacessorio/2713","metadata":{},"nome":"Emenda Modificativa 001 de 2023 ao PL 1463 de 2023","data":"2023-06-23","autor":"Adriano de Carvalho","ementa":"Trata do Aumento de Vagas e Altera\u00e7\u00e3o de Sal\u00e1rios e Carga Hor\u00e1ria de Cargos do Poder Executivo Municipal, Altera a Lei n\u00b0 704/2001 e a Lei n\u00b0 2.079/2022 e d\u00e1 outras provid\u00eancias.","indexacao":"","arquivo":"http://sapl.primaveradoleste.mt.leg.br/media/sapl/public/documentoacessorio/2023/2713/emenda_modificativa_no_1_de_2023_ao_pl_1463_de_2023.pdf","data_ultima_atualizacao":"2023-06-23T08:11:17.712094-04:00","materia":3655,"tipo":9}