{"id":2538,"__str__":"Parecer - Parecer Jur\u00eddico de 10/02/2023 por Luiz Carlos Rezende","link_detail_backend":"/materia/documentoacessorio/2538","metadata":{},"nome":"Parecer Jur\u00eddico","data":"2023-02-10","autor":"Luiz Carlos Rezende","ementa":"EMENTA: Projeto de Lei n\u00ba 1.416/2023, que disp\u00f5e sobre a aliena\u00e7\u00e3o de im\u00f3veis que menciona, e d\u00e1 outras provid\u00eancias.","indexacao":"","arquivo":"http://sapl.primaveradoleste.mt.leg.br/media/sapl/public/documentoacessorio/2023/2538/parecer_juridico_lcr_-_015.2023.pdf","data_ultima_atualizacao":"2023-02-16T11:28:44.167580-04:00","materia":3372,"tipo":7}