{"id":2535,"__str__":"Parecer - Parecer Jur\u00eddico de 10/02/2023 por Isaac Silva Nery de Oliveira","link_detail_backend":"/materia/documentoacessorio/2535","metadata":{},"nome":"Parecer Jur\u00eddico","data":"2023-02-10","autor":"Isaac Silva Nery de Oliveira","ementa":"Ementa: DENUNCIA APRESENTADA POR ELEITOR EM FACE DE VEREADOR. FALTA DE DECORO PARLAMENTAR. ARTIGOS 5\u00ba, I e 7\u00ba, III, \u00a71\u00ba do Decreto Lei n\u00ba 201/1967 C/C a S\u00famula Vinculante 46, e das S\u00famulas 496, 722 \u2013 STF. DIREITO PUBLICO. DIREITO CONSTITUCIONAL. INFRA\u00c7\u00c3O Pol\u00edtico-administrativa / \u00c9TICO - PARLAMENTAR. PROCESSO DE CASSA\u00c7\u00c3O DE MANDATO DE VEREADOR RECEP\u00c7\u00c3O DO DECRETO-LEI N. 201 DE 1967.","indexacao":"","arquivo":"http://sapl.primaveradoleste.mt.leg.br/media/sapl/public/documentoacessorio/2023/2535/parecer_juridico_no_003-2023.pdf","data_ultima_atualizacao":"2023-02-10T10:34:34.275947-04:00","materia":3276,"tipo":7}