{"id":2444,"__str__":"Parecer - Parecer Jur\u00eddico de 26/09/2022 por Luiz Carlos Rezende","link_detail_backend":"/materia/documentoacessorio/2444","metadata":{},"nome":"Parecer Jur\u00eddico","data":"2022-09-26","autor":"Luiz Carlos Rezende","ementa":"EMENTA: Projeto de Lei n\u00ba 1.380/2022, que Disp\u00f5e sobre a instala\u00e7\u00e3o obrigat\u00f3ria de faixas elevadas para travessia de pedestres nas vias p\u00fablicas pr\u00f3ximas a estabelecimentos de ensino p\u00fablicos e privados, situados no Munic\u00edpio de Primavera do Leste \u2013 Mato Grosso.","indexacao":"Parecer Jur\u00eddico desfavor\u00e1vel","arquivo":"http://sapl.primaveradoleste.mt.leg.br/media/sapl/public/documentoacessorio/2022/2444/parecer_juridico_163.2022.pdf","data_ultima_atualizacao":"2022-09-30T12:38:20.245019-04:00","materia":3100,"tipo":7}