{"id":2386,"__str__":"Parecer - Parecer da CJR de 15/08/2022 por Comiss\u00e3o de Justi\u00e7a e Reda\u00e7\u00e3o","link_detail_backend":"/materia/documentoacessorio/2386","metadata":{},"nome":"Parecer da CJR","data":"2022-08-15","autor":"Comiss\u00e3o de Justi\u00e7a e Reda\u00e7\u00e3o","ementa":"","indexacao":"","arquivo":"http://sapl.primaveradoleste.mt.leg.br/media/sapl/public/documentoacessorio/2022/2386/cjr_-_1357.2022_-_parecer_-_institui_vi_ocupantes_de_cargo_efetivo_de_motorista.pdf","data_ultima_atualizacao":"2022-08-15T09:58:19.329436-04:00","materia":3027,"tipo":7}