{"id":237,"__str__":"Parecer - PARECER DA  CEFO de 19/06/2019 por COMISS\u00c3O DE ECONOMIA, FINAN\u00c7AS E OR\u00c7AMENTO.","link_detail_backend":"/materia/documentoacessorio/237","metadata":{},"nome":"PARECER DA  CEFO","data":"2019-06-19","autor":"COMISS\u00c3O DE ECONOMIA, FINAN\u00c7AS E OR\u00c7AMENTO.","ementa":"Parecer favor\u00e1vel.","indexacao":"","arquivo":"http://sapl.primaveradoleste.mt.leg.br/media/sapl/public/documentoacessorio/2019/237/parecer_cefo_pl_962.pdf","data_ultima_atualizacao":"2019-07-04T11:06:54.819483-04:00","materia":387,"tipo":7}