{"id":2351,"__str__":"Parecer - Parecer Jur\u00eddico de 28/07/2022 por Luiz Carlos Rezende","link_detail_backend":"/materia/documentoacessorio/2351","metadata":{},"nome":"Parecer Jur\u00eddico","data":"2022-07-28","autor":"Luiz Carlos Rezende","ementa":"EMENTA: Projeto de Lei n\u00ba 1.346/2022, que Disp\u00f5e sobre o exerc\u00edcio do poder de fiscaliza\u00e7\u00e3o dos vereadores no Munic\u00edpio de Primavera do Leste-MT e cont\u00e9m outras provid\u00eancias.","indexacao":"","arquivo":"http://sapl.primaveradoleste.mt.leg.br/media/sapl/public/documentoacessorio/2022/2351/parecer_juridico_122.2022.pdf","data_ultima_atualizacao":"2022-08-01T11:16:27.224103-04:00","materia":2978,"tipo":7}