{"id":232,"__str__":"Parecer - PARECER CJR de 04/07/2019 por COMISS\u00c3O DE JUSTI\u00c7A E REDA\u00c7\u00c3O","link_detail_backend":"/materia/documentoacessorio/232","metadata":{},"nome":"PARECER CJR","data":"2019-07-04","autor":"COMISS\u00c3O DE JUSTI\u00c7A E REDA\u00c7\u00c3O","ementa":"Parecer favor\u00e1vel da Comiss\u00e3o.","indexacao":"","arquivo":"http://sapl.primaveradoleste.mt.leg.br/media/sapl/public/documentoacessorio/2019/232/parecer_cjr_pl_945_2019.pdf","data_ultima_atualizacao":"2019-07-04T10:40:37.301155-04:00","materia":389,"tipo":7}