{"id":2255,"__str__":"Parecer - CJR - Mo\u00e7\u00e3o de Aplausos 009.2022 de 15/06/2022 por Comiss\u00e3o de Justi\u00e7a e Reda\u00e7\u00e3o","link_detail_backend":"/materia/documentoacessorio/2255","metadata":{},"nome":"CJR - Mo\u00e7\u00e3o de Aplausos 009.2022","data":"2022-06-15","autor":"Comiss\u00e3o de Justi\u00e7a e Reda\u00e7\u00e3o","ementa":"","indexacao":"","arquivo":"http://sapl.primaveradoleste.mt.leg.br/media/sapl/public/documentoacessorio/2022/2255/cjr_-_mocao_de_aplausos_009.2022_-_a_andre_de_oliveira_gomes.pdf","data_ultima_atualizacao":"2022-06-15T09:35:47.958988-04:00","materia":2912,"tipo":7}