{"id":2238,"__str__":"Parecer - Parecer Jur\u00eddico de 12/05/2022 por Luiz Carlos Rezende","link_detail_backend":"/materia/documentoacessorio/2238","metadata":{},"nome":"Parecer Jur\u00eddico","data":"2022-05-12","autor":"Luiz Carlos Rezende","ementa":"EMENTA: Veto Parcial ao Projeto de Lei n\u00ba  1.292/2022, que Disp\u00f5e sobre o Plano de Carreira, Cargos e Sal\u00e1rios dos profissionais da Educa\u00e7\u00e3o B\u00e1sica P\u00fablica do Munic\u00edpio de Primavera do Leste \u2013 Mato Grosso.","indexacao":"","arquivo":"http://sapl.primaveradoleste.mt.leg.br/media/sapl/public/documentoacessorio/2022/2238/parecer_juridico_lcr_-_073-2022.pdf","data_ultima_atualizacao":"2022-05-30T10:33:43.820853-04:00","materia":2864,"tipo":7}