{"id":2208,"__str__":"Parecer - Parecer Jur\u00eddico de 03/05/2022 por Luiz Carlos Rezende","link_detail_backend":"/materia/documentoacessorio/2208","metadata":{},"nome":"Parecer Jur\u00eddico","data":"2022-05-03","autor":"Luiz Carlos Rezende","ementa":"Ementa: Concede Mo\u00e7\u00e3o de Aplausos aos Profissionais CL\u00c9CIUS ALESSANDRO DE OLIVEIRA e JOS\u00c9 COSME DA SILVA MAIA.","indexacao":"","arquivo":"http://sapl.primaveradoleste.mt.leg.br/media/sapl/public/documentoacessorio/2022/2208/parecer_juridico_065.2022.pdf","data_ultima_atualizacao":"2022-05-06T09:47:06.430101-04:00","materia":2845,"tipo":7}