{"id":2207,"__str__":"Parecer - Parecer Jur\u00eddico de 03/05/2022 por Luiz Carlos Rezende","link_detail_backend":"/materia/documentoacessorio/2207","metadata":{},"nome":"Parecer Jur\u00eddico","data":"2022-05-03","autor":"Luiz Carlos Rezende","ementa":"EMENTA: Emenda Modificativa n\u00ba 001 ao Projeto de Lei n\u00ba 1.312/2022, que trata do RGA da C\u00e2mara Municipal de Primavera do Leste.","indexacao":"Parecer Jur\u00eddico desfavor\u00e1vel","arquivo":"http://sapl.primaveradoleste.mt.leg.br/media/sapl/public/documentoacessorio/2022/2207/parecer_juridico_067.2022.pdf","data_ultima_atualizacao":"2022-05-06T09:41:48.642491-04:00","materia":2847,"tipo":7}