{"id":2106,"__str__":"Parecer - Parecer Jur\u00eddico de 09/03/2022 por Luiz Carlos Rezende","link_detail_backend":"/materia/documentoacessorio/2106","metadata":{},"nome":"Parecer Jur\u00eddico","data":"2022-03-09","autor":"Luiz Carlos Rezende","ementa":"EMENTA: Disp\u00f5e sobre o Requerimento para realiza\u00e7\u00e3o de Audi\u00eancia P\u00fablica sobre a regulariza\u00e7\u00e3o fundi\u00e1ria de alguns Bairros e Assentamentos de Primavera do Leste.","indexacao":"","arquivo":"http://sapl.primaveradoleste.mt.leg.br/media/sapl/public/documentoacessorio/2022/2106/parecer_juridico_021.2022.pdf","data_ultima_atualizacao":"2022-03-14T12:54:27.494024-04:00","materia":2712,"tipo":7}