{"id":2105,"__str__":"Parecer - Parecer Jur\u00eddico de 09/03/2022 por Luiz Carlos Rezende","link_detail_backend":"/materia/documentoacessorio/2105","metadata":{},"nome":"Parecer Jur\u00eddico","data":"2022-03-09","autor":"Luiz Carlos Rezende","ementa":"EMENTA: Disp\u00f5e sobre o Requerimento para realiza\u00e7\u00e3o de Audi\u00eancia P\u00fablica com o objetivo de debater sobre o Funcionamento e Fiscaliza\u00e7\u00e3o dos Estabelecimentos Comerciais em Geral.","indexacao":"","arquivo":"http://sapl.primaveradoleste.mt.leg.br/media/sapl/public/documentoacessorio/2022/2105/parecer_juridico_026.2022.pdf","data_ultima_atualizacao":"2022-03-14T12:51:01.378017-04:00","materia":2716,"tipo":7}