{"id":2095,"__str__":"Parecer - CJR - Mo\u00e7\u00e3o de Aplausos 002.2022 - Capitao bombeir de 01/03/2022 por Comiss\u00e3o de Justi\u00e7a e Reda\u00e7\u00e3o","link_detail_backend":"/materia/documentoacessorio/2095","metadata":{},"nome":"CJR - Mo\u00e7\u00e3o de Aplausos 002.2022 - Capitao bombeir","data":"2022-03-01","autor":"Comiss\u00e3o de Justi\u00e7a e Reda\u00e7\u00e3o","ementa":"Mo\u00e7\u00e3o de Aplausos para o Capit\u00e3o Bombeiro Militar Allan Victor Rodrigues de Farias.","indexacao":"","arquivo":"http://sapl.primaveradoleste.mt.leg.br/media/sapl/public/documentoacessorio/2022/2095/cjr_-_mocao_de_aplausos_002.2022_-_capitao_bombeiro_allan_victor.pdf","data_ultima_atualizacao":"2022-03-04T07:23:40.756722-04:00","materia":2686,"tipo":7}