{"id":2071,"__str__":"Parecer - Parecer Jur\u00eddico de 09/02/2022 por Luiz Carlos Rezende","link_detail_backend":"/materia/documentoacessorio/2071","metadata":{},"nome":"Parecer Jur\u00eddico","data":"2022-02-09","autor":"Luiz Carlos Rezende","ementa":"EMENTA: Projeto de Lei n\u00ba 1.281/2022, que Disp\u00f5e sobre a elabora\u00e7\u00e3o do Plano Diretor de Desenvolvimento Integrado do Munic\u00edpio de Primavera do Leste, e d\u00e1 outras provid\u00eancias.","indexacao":"","arquivo":"http://sapl.primaveradoleste.mt.leg.br/media/sapl/public/documentoacessorio/2022/2071/parecer_juridico_005.2022.pdf","data_ultima_atualizacao":"2022-02-15T12:38:10.324821-04:00","materia":2608,"tipo":7}