{"id":1868,"__str__":"Parecer - CJR - Parecer 1209.2021 - Denomina a Pra\u00e7a do Jard de 21/09/2021 por Comiss\u00e3o de Justi\u00e7a e Reda\u00e7\u00e3o","link_detail_backend":"/materia/documentoacessorio/1868","metadata":{},"nome":"CJR - Parecer 1209.2021 - Denomina a Pra\u00e7a do Jard","data":"2021-09-21","autor":"Comiss\u00e3o de Justi\u00e7a e Reda\u00e7\u00e3o","ementa":"Disp\u00f5e sobre a denomina\u00e7\u00e3o da Pra\u00e7a localizada no Bairro Jardim Luciana","indexacao":"","arquivo":"http://sapl.primaveradoleste.mt.leg.br/media/sapl/public/documentoacessorio/2021/1868/cjr_-_parecer_1209.2021_-_denomina_a_praca_do_jardim_luciana._-_rel._ver..pdf","data_ultima_atualizacao":"2021-09-21T11:49:35.242610-04:00","materia":2290,"tipo":7}