{"id":1823,"__str__":"Parecer - CJR - Parecer 1205-2021 - Doa\u00e7\u00e3o de cabelos- de 17/08/2021 por Comiss\u00e3o de Justi\u00e7a e Reda\u00e7\u00e3o","link_detail_backend":"/materia/documentoacessorio/1823","metadata":{},"nome":"CJR - Parecer 1205-2021 - Doa\u00e7\u00e3o de cabelos-","data":"2021-08-17","autor":"Comiss\u00e3o de Justi\u00e7a e Reda\u00e7\u00e3o","ementa":"Disp\u00f5e sobre a campanha de conscientiza\u00e7\u00e3o e incentivo a doa\u00e7\u00e3o de cabelos destinados as pessoas com alopecia decorrente de quimioterapia","indexacao":"","arquivo":"http://sapl.primaveradoleste.mt.leg.br/media/sapl/public/documentoacessorio/2021/1823/cjr_-_parecer_1205-2021_-_doacao_de_cabelos-_rel._ver._vado.pdf","data_ultima_atualizacao":"2021-08-20T12:43:13.753321-04:00","materia":2277,"tipo":7}