{"id":1583,"__str__":"Parecer - CEFO - Parecer 1121.2021 - IMPREV  - Rel. Tayllan de 09/04/2021 por Comiss\u00e3o de Economia e Finan\u00e7as e Or\u00e7amento","link_detail_backend":"/materia/documentoacessorio/1583","metadata":{},"nome":"CEFO - Parecer 1121.2021 - IMPREV  - Rel. Tayllan","data":"2021-04-09","autor":"Comiss\u00e3o de Economia e Finan\u00e7as e Or\u00e7amento","ementa":"Disp\u00f5e sobre a adequa\u00e7\u00e3o \u00e0 adequa\u00e7\u00e3o da legisla\u00e7\u00e3o do Instituto de Previd\u00eancia Social dos Servidores P\u00fablicos Municipais de Primavera do Leste \u2013 IMPREV em raz\u00e3o das altera\u00e7\u00f5es promovidas no sistema previdenci\u00e1rio pela Emenda Constitucional n\u00ba 103/2019 e altera a reda\u00e7\u00e3o da Lei n\u00ba 1.662 de 13 de dezembro de 2016, que reestrutura o Regime Pr\u00f3prio De Previd\u00eancia Social do Munic\u00edpio de Primavera do Leste/MT e, d\u00e1 outras provid\u00eancias","indexacao":"","arquivo":"http://sapl.primaveradoleste.mt.leg.br/media/sapl/public/documentoacessorio/2021/1583/cefo_-_parecer_1121.2021_-_imprev__-_rel._tayllan.pdf","data_ultima_atualizacao":"2021-04-09T10:24:40.284957-04:00","materia":1807,"tipo":7}