{"id":154,"__str__":"Parecer - Parecer CECSAS de 25/06/2019 por Com. Educa\u00e7\u00e3o e Cultura Sa\u00fade e Assist\u00eancia Social","link_detail_backend":"/materia/documentoacessorio/154","metadata":{},"nome":"Parecer CECSAS","data":"2019-06-25","autor":"Com. Educa\u00e7\u00e3o e Cultura Sa\u00fade e Assist\u00eancia Social","ementa":"Parecer favor\u00e1vel.","indexacao":"","arquivo":"http://sapl.primaveradoleste.mt.leg.br/media/sapl/public/documentoacessorio/2019/154/parecer-cecsas-pl-930-2019.pdf","data_ultima_atualizacao":"2019-06-26T10:46:22.162695-04:00","materia":22,"tipo":7}