{"id":1499,"__str__":"Parecer - PARECER CJR de 07/02/2019 por COMISS\u00c3O DE JUSTI\u00c7A E REDA\u00c7\u00c3O","link_detail_backend":"/materia/documentoacessorio/1499","metadata":{},"nome":"PARECER CJR","data":"2019-02-07","autor":"COMISS\u00c3O DE JUSTI\u00c7A E REDA\u00c7\u00c3O","ementa":"","indexacao":"","arquivo":"http://sapl.primaveradoleste.mt.leg.br/media/sapl/public/documentoacessorio/2018/1499/pcjr_-proc_leg_no_138-2018.pdf","data_ultima_atualizacao":"2020-12-15T09:13:51.407193-04:00","materia":1526,"tipo":7}