{"id":148,"__str__":"Parecer - PARECER CJR \u00c0 EMENDA MODIFICATIVA 002 de 19/06/2019 por COMISS\u00c3O DE JUSTI\u00c7A E REDA\u00c7\u00c3O","link_detail_backend":"/materia/documentoacessorio/148","metadata":{},"nome":"PARECER CJR \u00c0 EMENDA MODIFICATIVA 002","data":"2019-06-19","autor":"COMISS\u00c3O DE JUSTI\u00c7A E REDA\u00c7\u00c3O","ementa":"PARECER FAVOR\u00c1VEL DA COMISS\u00c3O \u00c0 EMENDA MODIFICATIVA 002/2019.","indexacao":"","arquivo":"http://sapl.primaveradoleste.mt.leg.br/media/sapl/public/documentoacessorio/2018/148/parecer_cjr_em_002_2019_pl_905.pdf","data_ultima_atualizacao":"2019-06-19T09:39:15.778163-04:00","materia":340,"tipo":7}