{"id":1445,"__str__":"Parecer - Parecer Jur\u00eddico de 20/08/2020 por Luiz Carlos Rezende","link_detail_backend":"/materia/documentoacessorio/1445","metadata":{},"nome":"Parecer Jur\u00eddico","data":"2020-08-20","autor":"Luiz Carlos Rezende","ementa":"A iniciativa e a compet\u00eancia do Projeto de Lei atende ao disposto na Lei Org\u00e2nica Municipal, bem como no Regimento Interno da C\u00e2mara Municipal.\r\nDesta feita, \u00e0 Comiss\u00e3o de Justi\u00e7a e Reda\u00e7\u00e3o caber\u00e1 a aprecia\u00e7\u00e3o formal e material quanto ao Projeto de Lei em tela.\r\n\r\nDe tal modo, n\u00e3o encontrando nenhum \u00f3bice legal que impe\u00e7a o tr\u00e2mite do Projeto de Lei sob an\u00e1lise, opino favoravelmente ao tr\u00e2mite do presente feito.\r\n \r\n\r\n\u00c9 o meu parecer.\r\n\r\nPrimavera do Leste, 20 de agosto de 2020.\r\n\r\n\r\nLuiz Carlos Rezende\r\nOAB/MT 8987-B\r\nAssessor Jur\u00eddico","indexacao":"","arquivo":"http://sapl.primaveradoleste.mt.leg.br/media/sapl/public/documentoacessorio/2020/1445/parecer_086_2020_1.pdf","data_ultima_atualizacao":"2020-08-31T09:57:18.814014-04:00","materia":1422,"tipo":7}