{"id":1444,"__str__":"Parecer - Parecer Jur\u00eddico de 20/08/2020 por Luiz Carlos Rezende","link_detail_backend":"/materia/documentoacessorio/1444","metadata":{},"nome":"Parecer Jur\u00eddico","data":"2020-08-20","autor":"Luiz Carlos Rezende","ementa":"A iniciativa e a compet\u00eancia do Projeto de Lei atende ao disposto no Regimento Interno, bem como na Lei Org\u00e2nica Municipal.\r\n\r\nAssim, recomendo que seja o presente Projeto de Lei encaminhado \u00e0 Comiss\u00e3o de Justi\u00e7a e Reda\u00e7\u00e3o, bem como \u00e0 Comiss\u00e3o de Obras e Servi\u00e7os P\u00fablicos, Seguran\u00e7a P\u00fablica, a quem cabe analisar acerca de sua pertin\u00eancia, devendo o mesmo tramitar regularmente.\r\n\r\nDesta forma, n\u00e3o encontrando nenhum \u00f3bice legal que o impe\u00e7a, opino favoravelmente ao tr\u00e2mite regular do presente feito.\r\n\r\n \u00c9 o meu parecer.\r\n\r\nPrimavera do Leste, 20 de agosto de 2020.\r\n\r\n\r\n\r\nLuiz Carlos Rezende\r\nOAB/MT 8987-B\r\nAssessor Jur\u00eddico","indexacao":"","arquivo":"http://sapl.primaveradoleste.mt.leg.br/media/sapl/public/documentoacessorio/2020/1444/parecer_085_2020.pdf","data_ultima_atualizacao":"2020-08-31T09:56:09.763861-04:00","materia":1430,"tipo":7}