{"id":1441,"__str__":"Parecer - Parecer Jur\u00eddico de 14/08/2020 por Luiz Carlos Rezende","link_detail_backend":"/materia/documentoacessorio/1441","metadata":{},"nome":"Parecer Jur\u00eddico","data":"2020-08-14","autor":"Luiz Carlos Rezende","ementa":"A iniciativa do PL em an\u00e1lise, ao meu sentir, obedece a legisla\u00e7\u00e3o pertinente, ou seja, a Lei Org\u00e2nica Municipal, bem como o Regimento Interno da C\u00e2mara Municipal.\r\n\r\nRecomendo, assim, o encaminhamento do presente Projeto de Lei \u00e0 Comiss\u00e3o de Justi\u00e7a e Reda\u00e7\u00e3o, bem como \u00e0 Comiss\u00e3o de Obras e Servi\u00e7os P\u00fablicos, Seguran\u00e7a P\u00fablica para ulterior an\u00e1lise e Parecer.\r\n \r\nPor tais raz\u00f5es, uma vez verificada a sua regularidade formal,  opino favoravelmente ao regular tr\u00e2mite do presente Projeto de Lei.\r\n\r\n\r\n\u00c9 o meu parecer.\r\n\r\n\r\nPrimavera do Leste, 14 de agosto de 2020.\r\n\r\n \r\n Luiz Carlos Rezende\r\nAssessor Jur\u00eddico\r\nOAB/MT 8987-B","indexacao":"","arquivo":"http://sapl.primaveradoleste.mt.leg.br/media/sapl/public/documentoacessorio/2020/1441/parecer_079_2020.pdf","data_ultima_atualizacao":"2020-08-31T09:47:57.781801-04:00","materia":1411,"tipo":7}