{"id":142,"__str__":"Parecer - PARECER DA  CEFO de 18/06/2019 por COMISS\u00c3O DE ECONOMIA, FINAN\u00c7AS E OR\u00c7AMENTO.","link_detail_backend":"/materia/documentoacessorio/142","metadata":{},"nome":"PARECER DA  CEFO","data":"2019-06-18","autor":"COMISS\u00c3O DE ECONOMIA, FINAN\u00c7AS E OR\u00c7AMENTO.","ementa":"Parecer favor\u00e1vel da Comiss\u00e3o.","indexacao":"","arquivo":"http://sapl.primaveradoleste.mt.leg.br/media/sapl/public/documentoacessorio/2019/142/parecer_cefo_pl_949.pdf","data_ultima_atualizacao":"2019-06-19T07:52:44.023067-04:00","materia":301,"tipo":7}