{"id":1423,"__str__":"Parecer - Parecer da Comiss\u00e3o de 09/07/2020 por Comiss\u00e3o de Justi\u00e7a e Reda\u00e7\u00e3o","link_detail_backend":"/materia/documentoacessorio/1423","metadata":{},"nome":"Parecer da Comiss\u00e3o","data":"2020-07-09","autor":"Comiss\u00e3o de Justi\u00e7a e Reda\u00e7\u00e3o","ementa":"Parecer favor\u00e1vel da Comiss\u00e3o de Justi\u00e7a e Reda\u00e7\u00e3o.","indexacao":"","arquivo":"http://sapl.primaveradoleste.mt.leg.br/media/sapl/public/documentoacessorio/2020/1423/parecer_cjr_ma_013.pdf","data_ultima_atualizacao":"2020-07-13T10:04:42.630397-04:00","materia":1373,"tipo":7}