{"id":1285,"__str__":"Parecer - PARECER CJR de 01/12/2016 por COMISS\u00c3O DE JUSTI\u00c7A E REDA\u00c7\u00c3O","link_detail_backend":"/materia/documentoacessorio/1285","metadata":{},"nome":"PARECER CJR","data":"2016-12-01","autor":"COMISS\u00c3O DE JUSTI\u00c7A E REDA\u00c7\u00c3O","ementa":"","indexacao":"","arquivo":"http://sapl.primaveradoleste.mt.leg.br/media/sapl/public/documentoacessorio/2016/1285/parecer_coiss_just_redacao.pdf","data_ultima_atualizacao":"2020-03-03T07:38:34.317945-04:00","materia":1173,"tipo":7}