{"id":1283,"__str__":"Parecer - PARECER CEFO de 05/12/2016 por COMISS\u00c3O DE ECONOMIA, FINAN\u00c7AS E OR\u00c7AMENTO","link_detail_backend":"/materia/documentoacessorio/1283","metadata":{},"nome":"PARECER CEFO","data":"2016-12-05","autor":"COMISS\u00c3O DE ECONOMIA, FINAN\u00c7AS E OR\u00c7AMENTO","ementa":"","indexacao":"","arquivo":"http://sapl.primaveradoleste.mt.leg.br/media/sapl/public/documentoacessorio/2016/1283/parecer_comiss_econ_finan_orcam.pdf","data_ultima_atualizacao":"2020-03-02T10:08:14.512078-04:00","materia":1172,"tipo":7}