{"id":1262,"__str__":"Avulso - DAS A\u00c7\u00d5ES SINT\u00c9TICAS de 09/12/2016 por ","link_detail_backend":"/materia/documentoacessorio/1262","metadata":{},"nome":"DAS A\u00c7\u00d5ES SINT\u00c9TICAS","data":"2016-12-09","autor":"","ementa":"","indexacao":"","arquivo":"http://sapl.primaveradoleste.mt.leg.br/media/sapl/public/documentoacessorio/2016/1262/anexo6-ppa.pdf","data_ultima_atualizacao":"2020-02-20T10:12:02.114973-04:00","materia":1161,"tipo":3}