{"id":1243,"__str__":"Parecer - PARECER CJR de 07/07/2017 por COMISS\u00c3O DE JUSTI\u00c7A E REDA\u00c7\u00c3O","link_detail_backend":"/materia/documentoacessorio/1243","metadata":{},"nome":"PARECER CJR","data":"2017-07-07","autor":"COMISS\u00c3O DE JUSTI\u00c7A E REDA\u00c7\u00c3O","ementa":"","indexacao":"","arquivo":"http://sapl.primaveradoleste.mt.leg.br/media/sapl/public/documentoacessorio/2017/1243/parecer_comiss_just_redacao_i.pdf","data_ultima_atualizacao":"2020-02-18T10:37:31.241892-04:00","materia":1147,"tipo":7}