{"id":1207,"__str__":"Parecer - PARECER CJR de 09/05/2017 por COMISS\u00c3O DE JUSTI\u00c7A E REDA\u00c7\u00c3O","link_detail_backend":"/materia/documentoacessorio/1207","metadata":{},"nome":"PARECER CJR","data":"2017-05-09","autor":"COMISS\u00c3O DE JUSTI\u00c7A E REDA\u00c7\u00c3O","ementa":"","indexacao":"","arquivo":"http://sapl.primaveradoleste.mt.leg.br/media/sapl/public/documentoacessorio/2017/1207/parecer_comiss_just_redacao.pdf","data_ultima_atualizacao":"2020-02-17T08:02:33.865784-04:00","materia":1139,"tipo":7}