{"id":1148,"__str__":"Parecer - PARECER CEFO de 01/08/2017 por COMISS\u00c3O DE ECONOMIA E FINAN\u00c7AS E OR\u00c7AMENTO","link_detail_backend":"/materia/documentoacessorio/1148","metadata":{},"nome":"PARECER CEFO","data":"2017-08-01","autor":"COMISS\u00c3O DE ECONOMIA E FINAN\u00c7AS E OR\u00c7AMENTO","ementa":"","indexacao":"","arquivo":"http://sapl.primaveradoleste.mt.leg.br/media/sapl/public/documentoacessorio/2017/1148/parecer_comiss_econ_finan_orcamento.pdf","data_ultima_atualizacao":"2020-02-12T10:52:20.102247-04:00","materia":1115,"tipo":7}