{"id":1137,"__str__":"Parecer - PARECER CJR de 06/09/2017 por COMISS\u00c3O DE JUSTI\u00c7A E REDA\u00c7\u00c3O","link_detail_backend":"/materia/documentoacessorio/1137","metadata":{},"nome":"PARECER CJR","data":"2017-09-06","autor":"COMISS\u00c3O DE JUSTI\u00c7A E REDA\u00c7\u00c3O","ementa":"","indexacao":"","arquivo":"http://sapl.primaveradoleste.mt.leg.br/media/sapl/public/documentoacessorio/2017/1137/parecer_comiss_just_redacao.pdf","data_ultima_atualizacao":"2020-02-12T08:21:36.667610-04:00","materia":1112,"tipo":7}