{"id":1120,"__str__":"Parecer - PARECER CJR de 16/10/2017 por COMISS\u00c3O DE JUSTI\u00c7A E REDA\u00c7\u00c3O","link_detail_backend":"/materia/documentoacessorio/1120","metadata":{},"nome":"PARECER CJR","data":"2017-10-16","autor":"COMISS\u00c3O DE JUSTI\u00c7A E REDA\u00c7\u00c3O","ementa":"","indexacao":"","arquivo":"http://sapl.primaveradoleste.mt.leg.br/media/sapl/public/documentoacessorio/2017/1120/parecer_comiss_just_redacao.pdf","data_ultima_atualizacao":"2020-02-11T12:03:43.476864-04:00","materia":1107,"tipo":7}