{"id":10,"__str__":"Parecer - PARECER DA COMISSAO DE JUSTI\u00c7A E REDA\u00c7\u00c3O de 28/02/2019 por Comiss\u00e3o de Justi\u00e7a e Reda\u00e7\u00e3o","link_detail_backend":"/materia/documentoacessorio/10","metadata":{},"nome":"PARECER DA COMISSAO DE JUSTI\u00c7A E REDA\u00c7\u00c3O","data":"2019-02-28","autor":"Comiss\u00e3o de Justi\u00e7a e Reda\u00e7\u00e3o","ementa":"Parecer favor\u00e1vel da Comiss\u00e3o de Justi\u00e7a e Reda\u00e7\u00e3o.","indexacao":"","arquivo":"http://sapl.primaveradoleste.mt.leg.br/media/sapl/public/documentoacessorio/2019/10/parecer_cjr_pl_933.pdf","data_ultima_atualizacao":"2019-03-13T10:51:24.366358-04:00","materia":49,"tipo":7}