{"id":106,"__str__":"Parecer - PARECER DA COMISS\u00c3O de 31/10/2018 por COMISS\u00c3O DE EDUCA\u00c7\u00c3O, CULTURA, SA\u00daDE E ASSIST\u00caNCIA","link_detail_backend":"/materia/documentoacessorio/106","metadata":{},"nome":"PARECER DA COMISS\u00c3O","data":"2018-10-31","autor":"COMISS\u00c3O DE EDUCA\u00c7\u00c3O, CULTURA, SA\u00daDE E ASSIST\u00caNCIA","ementa":"Parecer Favor\u00e1vel.","indexacao":"","arquivo":"http://sapl.primaveradoleste.mt.leg.br/media/sapl/public/documentoacessorio/2018/106/pcecs_as_117_2018.pdf","data_ultima_atualizacao":"2019-06-06T07:50:27.049607-04:00","materia":424,"tipo":7}