{"id":1022,"__str__":"Nova Reda\u00e7\u00e3o - PARECER DA  CEFO de 17/12/2019 por COMISS\u00c3O DE ECONOMIA, FINAN\u00c7AS E OR\u00c7AMENTO","link_detail_backend":"/materia/documentoacessorio/1022","metadata":{},"nome":"PARECER DA  CEFO","data":"2019-12-17","autor":"COMISS\u00c3O DE ECONOMIA, FINAN\u00c7AS E OR\u00c7AMENTO","ementa":"Parecer favor\u00e1vel.","indexacao":"","arquivo":"http://sapl.primaveradoleste.mt.leg.br/media/sapl/public/documentoacessorio/2019/1022/parecer_cefo_pl_1029_2019.pdf","data_ultima_atualizacao":"2020-01-09T09:42:20.699780-04:00","materia":859,"tipo":10}