{"id":521,"__str__":"REUNI\u00c3O ORDIN\u00c1RIA","link_detail_backend":"/comissao/reuniao/521","metadata":{},"numero":2,"nome":"REUNI\u00c3O ORDIN\u00c1RIA","tema":"An\u00e1lise e distribui\u00e7\u00e3o de projetos","data":"2025-07-08","hora_inicio":"08:00:00","hora_fim":"09:17:00","local_reuniao":"Sala das Comiss\u00f5es","observacao":"","url_audio":"","url_video":"","upload_pauta":"http://sapl.primaveradoleste.mt.leg.br/media/sapl/public/reuniao/521/pauta/ata_002_de_2025_-_cama.pdf","upload_ata":null,"upload_anexo":null,"periodo":5,"comissao":5}