{"id":236,"__str__":"Reuni\u00e3o Ordin\u00e1ria","link_detail_backend":"/comissao/reuniao/236","metadata":{},"numero":5,"nome":"Reuni\u00e3o Ordin\u00e1ria","tema":"Reuni\u00e3o Ordin\u00e1ria","data":"2021-09-14","hora_inicio":"08:15:00","hora_fim":"08:25:00","local_reuniao":"Sala das Comiss\u00f5es","observacao":"","url_audio":"","url_video":"","upload_pauta":null,"upload_ata":"http://sapl.primaveradoleste.mt.leg.br/media/sapl/public/reuniao/236/ata/cama_ata_005_-_14.09.2021.pdf","upload_anexo":null,"periodo":3,"comissao":5}