{"id":225,"__str__":"Reuni\u00e3o Extraordin\u00e1ria","link_detail_backend":"/comissao/reuniao/225","metadata":{},"numero":22,"nome":"Reuni\u00e3o Extraordin\u00e1ria","tema":"Reuni\u00e3o Ordin\u00e1ria","data":"2021-07-16","hora_inicio":"09:10:00","hora_fim":"09:25:00","local_reuniao":"Sala das Comiss\u00f5es","observacao":"","url_audio":"","url_video":"","upload_pauta":null,"upload_ata":"http://sapl.primaveradoleste.mt.leg.br/media/sapl/public/reuniao/225/ata/cjr_ata_022_-_16.07.2021.pdf","upload_anexo":null,"periodo":3,"comissao":1}