{"id":220,"__str__":"REUNI\u00c3O ORDIN\u00c1RIA","link_detail_backend":"/comissao/reuniao/220","metadata":{},"numero":13,"nome":"REUNI\u00c3O ORDIN\u00c1RIA","tema":"Reuni\u00e3o Ordin\u00e1ria","data":"2021-07-01","hora_inicio":"12:10:00","hora_fim":"12:20:00","local_reuniao":"Sala das Comiss\u00f5es","observacao":"","url_audio":"","url_video":"","upload_pauta":null,"upload_ata":"http://sapl.primaveradoleste.mt.leg.br/media/sapl/public/reuniao/220/ata/cefo_ata_013_-_01.07.2021.pdf","upload_anexo":null,"periodo":3,"comissao":2}