{"id":17,"__str__":"Reuni\u00e3o Ordin\u00e1ria","link_detail_backend":"/comissao/reuniao/17","metadata":{},"numero":2,"nome":"Reuni\u00e3o Ordin\u00e1ria","tema":"","data":"2019-03-08","hora_inicio":"09:30:00","hora_fim":null,"local_reuniao":"","observacao":"","url_audio":"","url_video":"","upload_pauta":null,"upload_ata":"http://sapl.primaveradoleste.mt.leg.br/media/sapl/public/reuniao/17/ata/ata_reuniao_cama_002_2019--.pdf","upload_anexo":null,"periodo":2,"comissao":5}